{"id":4502,"date":"2020-12-23T09:31:11","date_gmt":"2020-12-23T09:31:11","guid":{"rendered":"https:\/\/newesteyco.demosbluefish.es\/?p=4502"},"modified":"2022-08-25T07:19:42","modified_gmt":"2022-08-25T07:19:42","slug":"segundo-cale-en-las-nuevas-galerias-de-emergencia-en-los-tuneles-de-la-linea-de-alta-velocidad-vitoria-bilbao-san-sebastian","status":"publish","type":"post","link":"https:\/\/www.esteyco.com\/en\/infraestructuras\/segundo-cale-en-las-nuevas-galerias-de-emergencia-en-los-tuneles-de-la-linea-de-alta-velocidad-vitoria-bilbao-san-sebastian\/","title":{"rendered":"SECOND STALL IN THE NEW EMERGENCY GALLERIES IN THE TUNNELS OF VITORIA-BILBAO-SAN SEBASTI\u00c1N HIGH-SPEED LINE"},"content":{"rendered":"<p><em>Last Wednesday, November 25<sup>th<\/sup>, the second stall was successfully completed in the emergency gallery of the Zar\u00e1tamo tunnel. In this way, the excavation of the first gallery, with a length of 728.30 meters, and which is one of the 7 galleries that are planned to be executed in the works: &#8220;New emergency galleries in the tunnels of the Vitoria-Bilbao-San Sebasti\u00e1n high-speed line. Section: Vitoria-Bilbao&#8221;, where the UTE Esteyco-Team carries out the work of the ACO (Assistance for Works Control) for ADIF.<\/em><\/p>\n<p><em>\u00a0<\/em><em>This second stall was made when the two execution fronts (fronts 3 and 4) were found, from the entrances called junction 1 and 2, by means of excavation and support of the complete section. A month and a half ago, the first planned stall was made when fronts 1 and 2 of the excavation were found, which communicated the opening with the junction 1.<\/em><\/p>\n<p><em>\u00a0<\/em><em>The works are necessary to comply with the European Standards that require a maximum distance of 1,000 meters between the safety areas in railway tunnels. Since the tunnels were already finished before the approval of the regulations mentioned, it is necessary to adapt them, by providing them with emergency exits.<\/em><\/p>\n<p><em>\u00a0<\/em><em>A total of 7 emergency galleries will be built parallel to the corresponding tunnels, with a separation of 30 meters between the axis of the main tunnel and the axis of the gallery. The lengths of this galleries vary between 73 m and 1,410 m of the longest. The 25 m2 section allows the circulation of medical and emergency vehicles inside.<\/em><\/p>\n<p><em>\u00a0<\/em><em>The excavation method is the full section NMA (New Austrian Method), establishing different kinds of support depending on the quality of the rock mass:<\/em><\/p>\n<p><em>\u00a0<\/em><em>Type I section, for fields with RMR&gt; 45. 3m pass, gunite with a thickness of 10 cm, 13 Swellex type bolts of 3m.<\/em><\/p>\n<p><em>Type II section, for fields with 25 &lt; RMR &gt; 45. 2m pass, gunite with a thickness of 17 cm., 17 Swellex type bolts of 3m and TH-21 type trusses every meter.<\/em><\/p>\n<p><em>SG-B type section, for fields with RMR &lt;25. 1m pass, gunite with a thickness of 20 cm, 4 Swellex type bolts of 3m and HEB-160 type trusses every meter.<\/em><\/p>\n<p><em>Finally, waterproofing is made up with a 2 mm thick PVC sheet and a 20 cm finish in the coating. With HM-30 concrete with a fiber content of 2.5 Kg \/ m3. The bottom slab is made of the same type of concrete with a thickness of 30 cm.<\/em><\/p>\n<p><em>\u00a0<\/em><em>The works have been awarded to the company Obras Subterr\u00e1neas, for a total amount of 25,220,115\u20ac to be carried out in 27 months.<\/em><\/p>\n","protected":false},"excerpt":{"rendered":"<p>Last Wednesday, November 25th, the second stall was successfully completed in the emergency gallery of the Zar\u00e1tamo tunnel. In this way, the excavation of the  [&#8230;]<\/p>\n","protected":false},"author":16,"featured_media":4503,"comment_status":"open","ping_status":"open","sticky":false,"template":"","format":"standard","meta":{"_acf_changed":false,"footnotes":""},"categories":[5,12,149,247,273,274,281,310],"tags":[],"class_list":["post-4502","post","type-post","status-publish","format-standard","has-post-thumbnail","hentry","category-infraestructuras","category-estructuras","category-idi","category-50-anos-2","category-esteyco-2","category-ferroviaria-2","category-innovacion-2","category-tuneles-2"],"acf":[],"aioseo_notices":[],"aioseo_head":"\n\t\t<!-- All in One SEO 4.9.10 - aioseo.com -->\n\t<meta name=\"robots\" content=\"max-image-preview:large\" \/>\n\t<meta name=\"author\" content=\"Esteyco\"\/>\n\t<link rel=\"canonical\" href=\"https:\/\/www.esteyco.com\/en\/infraestructuras\/segundo-cale-en-las-nuevas-galerias-de-emergencia-en-los-tuneles-de-la-linea-de-alta-velocidad-vitoria-bilbao-san-sebastian\/\" \/>\n\t<meta name=\"generator\" content=\"All in One SEO (AIOSEO) 4.9.10\" \/>\n\t\t<meta property=\"og:locale\" content=\"en_US\" \/>\n\t\t<meta property=\"og:site_name\" content=\"Esteyco | Esteyco es una consultor\u00eda independiente de arquitectura civil e ingenier\u00eda con m\u00e1s de 40 a\u00f1os de servicio en todo el mundo.\" \/>\n\t\t<meta property=\"og:type\" content=\"article\" \/>\n\t\t<meta property=\"og:title\" content=\"SECOND STALL IN THE NEW EMERGENCY GALLERIES IN THE TUNNELS OF VITORIA-BILBAO-SAN SEBASTI\u00c1N HIGH-SPEED LINE | Esteyco\" \/>\n\t\t<meta property=\"og:url\" content=\"https:\/\/www.esteyco.com\/en\/infraestructuras\/segundo-cale-en-las-nuevas-galerias-de-emergencia-en-los-tuneles-de-la-linea-de-alta-velocidad-vitoria-bilbao-san-sebastian\/\" \/>\n\t\t<meta property=\"article:published_time\" content=\"2020-12-23T09:31:11+00:00\" \/>\n\t\t<meta property=\"article:modified_time\" content=\"2022-08-25T07:19:42+00:00\" \/>\n\t\t<meta name=\"twitter:card\" content=\"summary\" \/>\n\t\t<meta name=\"twitter:title\" content=\"SECOND STALL IN THE NEW EMERGENCY GALLERIES IN THE TUNNELS OF VITORIA-BILBAO-SAN SEBASTI\u00c1N HIGH-SPEED LINE | Esteyco\" \/>\n\t\t<script type=\"application\/ld+json\" class=\"aioseo-schema\">\n\t\t\t{\"@context\":\"https:\\\/\\\/schema.org\",\"@graph\":[{\"@type\":\"Article\",\"@id\":\"https:\\\/\\\/www.esteyco.com\\\/en\\\/infraestructuras\\\/segundo-cale-en-las-nuevas-galerias-de-emergencia-en-los-tuneles-de-la-linea-de-alta-velocidad-vitoria-bilbao-san-sebastian\\\/#article\",\"name\":\"SECOND STALL IN THE NEW EMERGENCY GALLERIES IN THE TUNNELS OF VITORIA-BILBAO-SAN SEBASTI\\u00c1N HIGH-SPEED LINE | Esteyco\",\"headline\":\"SECOND STALL IN THE NEW EMERGENCY GALLERIES IN THE TUNNELS OF VITORIA-BILBAO-SAN SEBASTI\\u00c1N HIGH-SPEED LINE\",\"author\":{\"@id\":\"https:\\\/\\\/www.esteyco.com\\\/en\\\/author\\\/esteyco\\\/#author\"},\"publisher\":{\"@id\":\"https:\\\/\\\/www.esteyco.com\\\/en\\\/#organization\"},\"image\":{\"@type\":\"ImageObject\",\"url\":\"https:\\\/\\\/www.esteyco.com\\\/wp-content\\\/uploads\\\/2020\\\/12\\\/201217_Cale-AAVV.jpg\",\"width\":940,\"height\":630},\"datePublished\":\"2020-12-23T09:31:11+01:00\",\"dateModified\":\"2022-08-25T07:19:42+02:00\",\"inLanguage\":\"en-US\",\"mainEntityOfPage\":{\"@id\":\"https:\\\/\\\/www.esteyco.com\\\/en\\\/infraestructuras\\\/segundo-cale-en-las-nuevas-galerias-de-emergencia-en-los-tuneles-de-la-linea-de-alta-velocidad-vitoria-bilbao-san-sebastian\\\/#webpage\"},\"isPartOf\":{\"@id\":\"https:\\\/\\\/www.esteyco.com\\\/en\\\/infraestructuras\\\/segundo-cale-en-las-nuevas-galerias-de-emergencia-en-los-tuneles-de-la-linea-de-alta-velocidad-vitoria-bilbao-san-sebastian\\\/#webpage\"},\"articleSection\":\"Infraestructuras, Estructuras, I+D+i, 50 a\\u00f1os, Esteyco, Ferroviaria, Innovaci\\u00f3n, T\\u00faneles, Opcional\"},{\"@type\":\"BreadcrumbList\",\"@id\":\"https:\\\/\\\/www.esteyco.com\\\/en\\\/infraestructuras\\\/segundo-cale-en-las-nuevas-galerias-de-emergencia-en-los-tuneles-de-la-linea-de-alta-velocidad-vitoria-bilbao-san-sebastian\\\/#breadcrumblist\",\"itemListElement\":[{\"@type\":\"ListItem\",\"@id\":\"https:\\\/\\\/www.esteyco.com\\\/en\\\/#listItem\",\"position\":1,\"name\":\"Inicio\",\"item\":\"https:\\\/\\\/www.esteyco.com\\\/en\\\/\",\"nextItem\":{\"@type\":\"ListItem\",\"@id\":\"https:\\\/\\\/www.esteyco.com\\\/categoria\\\/infraestructuras\\\/#listItem\",\"name\":\"Infraestructuras\"}},{\"@type\":\"ListItem\",\"@id\":\"https:\\\/\\\/www.esteyco.com\\\/categoria\\\/infraestructuras\\\/#listItem\",\"position\":2,\"name\":\"Infraestructuras\",\"item\":\"https:\\\/\\\/www.esteyco.com\\\/categoria\\\/infraestructuras\\\/\",\"nextItem\":{\"@type\":\"ListItem\",\"@id\":\"https:\\\/\\\/www.esteyco.com\\\/categoria\\\/infraestructuras\\\/estructuras\\\/#listItem\",\"name\":\"Estructuras\"},\"previousItem\":{\"@type\":\"ListItem\",\"@id\":\"https:\\\/\\\/www.esteyco.com\\\/en\\\/#listItem\",\"name\":\"Inicio\"}},{\"@type\":\"ListItem\",\"@id\":\"https:\\\/\\\/www.esteyco.com\\\/categoria\\\/infraestructuras\\\/estructuras\\\/#listItem\",\"position\":3,\"name\":\"Estructuras\",\"item\":\"https:\\\/\\\/www.esteyco.com\\\/categoria\\\/infraestructuras\\\/estructuras\\\/\",\"nextItem\":{\"@type\":\"ListItem\",\"@id\":\"https:\\\/\\\/www.esteyco.com\\\/en\\\/infraestructuras\\\/segundo-cale-en-las-nuevas-galerias-de-emergencia-en-los-tuneles-de-la-linea-de-alta-velocidad-vitoria-bilbao-san-sebastian\\\/#listItem\",\"name\":\"SECOND STALL IN THE NEW EMERGENCY GALLERIES IN THE TUNNELS OF VITORIA-BILBAO-SAN SEBASTI\\u00c1N HIGH-SPEED LINE\"},\"previousItem\":{\"@type\":\"ListItem\",\"@id\":\"https:\\\/\\\/www.esteyco.com\\\/categoria\\\/infraestructuras\\\/#listItem\",\"name\":\"Infraestructuras\"}},{\"@type\":\"ListItem\",\"@id\":\"https:\\\/\\\/www.esteyco.com\\\/en\\\/infraestructuras\\\/segundo-cale-en-las-nuevas-galerias-de-emergencia-en-los-tuneles-de-la-linea-de-alta-velocidad-vitoria-bilbao-san-sebastian\\\/#listItem\",\"position\":4,\"name\":\"SECOND STALL IN THE NEW EMERGENCY GALLERIES IN THE TUNNELS OF VITORIA-BILBAO-SAN SEBASTI\\u00c1N HIGH-SPEED LINE\",\"previousItem\":{\"@type\":\"ListItem\",\"@id\":\"https:\\\/\\\/www.esteyco.com\\\/categoria\\\/infraestructuras\\\/estructuras\\\/#listItem\",\"name\":\"Estructuras\"}}]},{\"@type\":\"Organization\",\"@id\":\"https:\\\/\\\/www.esteyco.com\\\/en\\\/#organization\",\"name\":\"Esteyco\",\"description\":\"Esteyco es una consultor\\u00eda independiente de arquitectura civil e ingenier\\u00eda con m\\u00e1s de 40 a\\u00f1os de servicio en todo el mundo.\",\"url\":\"https:\\\/\\\/www.esteyco.com\\\/en\\\/\"},{\"@type\":\"Person\",\"@id\":\"https:\\\/\\\/www.esteyco.com\\\/en\\\/author\\\/esteyco\\\/#author\",\"url\":\"https:\\\/\\\/www.esteyco.com\\\/en\\\/author\\\/esteyco\\\/\",\"name\":\"Esteyco\",\"image\":{\"@type\":\"ImageObject\",\"@id\":\"https:\\\/\\\/www.esteyco.com\\\/en\\\/infraestructuras\\\/segundo-cale-en-las-nuevas-galerias-de-emergencia-en-los-tuneles-de-la-linea-de-alta-velocidad-vitoria-bilbao-san-sebastian\\\/#authorImage\",\"url\":\"https:\\\/\\\/secure.gravatar.com\\\/avatar\\\/66ef5e3d7da27aff44d68b143628d2660d01f7730b0867540b6fdfd02a14f00f?s=96&d=mm&r=g\",\"width\":96,\"height\":96,\"caption\":\"Esteyco\"}},{\"@type\":\"WebPage\",\"@id\":\"https:\\\/\\\/www.esteyco.com\\\/en\\\/infraestructuras\\\/segundo-cale-en-las-nuevas-galerias-de-emergencia-en-los-tuneles-de-la-linea-de-alta-velocidad-vitoria-bilbao-san-sebastian\\\/#webpage\",\"url\":\"https:\\\/\\\/www.esteyco.com\\\/en\\\/infraestructuras\\\/segundo-cale-en-las-nuevas-galerias-de-emergencia-en-los-tuneles-de-la-linea-de-alta-velocidad-vitoria-bilbao-san-sebastian\\\/\",\"name\":\"SECOND STALL IN THE NEW EMERGENCY GALLERIES IN THE TUNNELS OF VITORIA-BILBAO-SAN SEBASTI\\u00c1N HIGH-SPEED LINE | Esteyco\",\"inLanguage\":\"en-US\",\"isPartOf\":{\"@id\":\"https:\\\/\\\/www.esteyco.com\\\/en\\\/#website\"},\"breadcrumb\":{\"@id\":\"https:\\\/\\\/www.esteyco.com\\\/en\\\/infraestructuras\\\/segundo-cale-en-las-nuevas-galerias-de-emergencia-en-los-tuneles-de-la-linea-de-alta-velocidad-vitoria-bilbao-san-sebastian\\\/#breadcrumblist\"},\"author\":{\"@id\":\"https:\\\/\\\/www.esteyco.com\\\/en\\\/author\\\/esteyco\\\/#author\"},\"creator\":{\"@id\":\"https:\\\/\\\/www.esteyco.com\\\/en\\\/author\\\/esteyco\\\/#author\"},\"image\":{\"@type\":\"ImageObject\",\"url\":\"https:\\\/\\\/www.esteyco.com\\\/wp-content\\\/uploads\\\/2020\\\/12\\\/201217_Cale-AAVV.jpg\",\"@id\":\"https:\\\/\\\/www.esteyco.com\\\/en\\\/infraestructuras\\\/segundo-cale-en-las-nuevas-galerias-de-emergencia-en-los-tuneles-de-la-linea-de-alta-velocidad-vitoria-bilbao-san-sebastian\\\/#mainImage\",\"width\":940,\"height\":630},\"primaryImageOfPage\":{\"@id\":\"https:\\\/\\\/www.esteyco.com\\\/en\\\/infraestructuras\\\/segundo-cale-en-las-nuevas-galerias-de-emergencia-en-los-tuneles-de-la-linea-de-alta-velocidad-vitoria-bilbao-san-sebastian\\\/#mainImage\"},\"datePublished\":\"2020-12-23T09:31:11+01:00\",\"dateModified\":\"2022-08-25T07:19:42+02:00\"},{\"@type\":\"WebSite\",\"@id\":\"https:\\\/\\\/www.esteyco.com\\\/en\\\/#website\",\"url\":\"https:\\\/\\\/www.esteyco.com\\\/en\\\/\",\"name\":\"Esteyco\",\"description\":\"Esteyco es una consultor\\u00eda independiente de arquitectura civil e ingenier\\u00eda con m\\u00e1s de 40 a\\u00f1os de servicio en todo el mundo.\",\"inLanguage\":\"en-US\",\"publisher\":{\"@id\":\"https:\\\/\\\/www.esteyco.com\\\/en\\\/#organization\"}}]}\n\t\t<\/script>\n\t\t<!-- All in One SEO -->\n\n","aioseo_head_json":{"title":"SECOND STALL IN THE NEW EMERGENCY GALLERIES IN THE TUNNELS OF VITORIA-BILBAO-SAN SEBASTI\u00c1N HIGH-SPEED LINE | Esteyco","description":"","canonical_url":"https:\/\/www.esteyco.com\/en\/infraestructuras\/segundo-cale-en-las-nuevas-galerias-de-emergencia-en-los-tuneles-de-la-linea-de-alta-velocidad-vitoria-bilbao-san-sebastian\/","robots":"max-image-preview:large","keywords":"","webmasterTools":{"miscellaneous":""},"schema":{"@context":"https:\/\/schema.org","@graph":[{"@type":"Article","@id":"https:\/\/www.esteyco.com\/en\/infraestructuras\/segundo-cale-en-las-nuevas-galerias-de-emergencia-en-los-tuneles-de-la-linea-de-alta-velocidad-vitoria-bilbao-san-sebastian\/#article","name":"SECOND STALL IN THE NEW EMERGENCY GALLERIES IN THE TUNNELS OF VITORIA-BILBAO-SAN SEBASTI\u00c1N HIGH-SPEED LINE | Esteyco","headline":"SECOND STALL IN THE NEW EMERGENCY GALLERIES IN THE TUNNELS OF VITORIA-BILBAO-SAN SEBASTI\u00c1N HIGH-SPEED LINE","author":{"@id":"https:\/\/www.esteyco.com\/en\/author\/esteyco\/#author"},"publisher":{"@id":"https:\/\/www.esteyco.com\/en\/#organization"},"image":{"@type":"ImageObject","url":"https:\/\/www.esteyco.com\/wp-content\/uploads\/2020\/12\/201217_Cale-AAVV.jpg","width":940,"height":630},"datePublished":"2020-12-23T09:31:11+01:00","dateModified":"2022-08-25T07:19:42+02:00","inLanguage":"en-US","mainEntityOfPage":{"@id":"https:\/\/www.esteyco.com\/en\/infraestructuras\/segundo-cale-en-las-nuevas-galerias-de-emergencia-en-los-tuneles-de-la-linea-de-alta-velocidad-vitoria-bilbao-san-sebastian\/#webpage"},"isPartOf":{"@id":"https:\/\/www.esteyco.com\/en\/infraestructuras\/segundo-cale-en-las-nuevas-galerias-de-emergencia-en-los-tuneles-de-la-linea-de-alta-velocidad-vitoria-bilbao-san-sebastian\/#webpage"},"articleSection":"Infraestructuras, Estructuras, I+D+i, 50 a\u00f1os, Esteyco, Ferroviaria, Innovaci\u00f3n, T\u00faneles, Opcional"},{"@type":"BreadcrumbList","@id":"https:\/\/www.esteyco.com\/en\/infraestructuras\/segundo-cale-en-las-nuevas-galerias-de-emergencia-en-los-tuneles-de-la-linea-de-alta-velocidad-vitoria-bilbao-san-sebastian\/#breadcrumblist","itemListElement":[{"@type":"ListItem","@id":"https:\/\/www.esteyco.com\/en\/#listItem","position":1,"name":"Inicio","item":"https:\/\/www.esteyco.com\/en\/","nextItem":{"@type":"ListItem","@id":"https:\/\/www.esteyco.com\/categoria\/infraestructuras\/#listItem","name":"Infraestructuras"}},{"@type":"ListItem","@id":"https:\/\/www.esteyco.com\/categoria\/infraestructuras\/#listItem","position":2,"name":"Infraestructuras","item":"https:\/\/www.esteyco.com\/categoria\/infraestructuras\/","nextItem":{"@type":"ListItem","@id":"https:\/\/www.esteyco.com\/categoria\/infraestructuras\/estructuras\/#listItem","name":"Estructuras"},"previousItem":{"@type":"ListItem","@id":"https:\/\/www.esteyco.com\/en\/#listItem","name":"Inicio"}},{"@type":"ListItem","@id":"https:\/\/www.esteyco.com\/categoria\/infraestructuras\/estructuras\/#listItem","position":3,"name":"Estructuras","item":"https:\/\/www.esteyco.com\/categoria\/infraestructuras\/estructuras\/","nextItem":{"@type":"ListItem","@id":"https:\/\/www.esteyco.com\/en\/infraestructuras\/segundo-cale-en-las-nuevas-galerias-de-emergencia-en-los-tuneles-de-la-linea-de-alta-velocidad-vitoria-bilbao-san-sebastian\/#listItem","name":"SECOND STALL IN THE NEW EMERGENCY GALLERIES IN THE TUNNELS OF VITORIA-BILBAO-SAN SEBASTI\u00c1N HIGH-SPEED LINE"},"previousItem":{"@type":"ListItem","@id":"https:\/\/www.esteyco.com\/categoria\/infraestructuras\/#listItem","name":"Infraestructuras"}},{"@type":"ListItem","@id":"https:\/\/www.esteyco.com\/en\/infraestructuras\/segundo-cale-en-las-nuevas-galerias-de-emergencia-en-los-tuneles-de-la-linea-de-alta-velocidad-vitoria-bilbao-san-sebastian\/#listItem","position":4,"name":"SECOND STALL IN THE NEW EMERGENCY GALLERIES IN THE TUNNELS OF VITORIA-BILBAO-SAN SEBASTI\u00c1N HIGH-SPEED LINE","previousItem":{"@type":"ListItem","@id":"https:\/\/www.esteyco.com\/categoria\/infraestructuras\/estructuras\/#listItem","name":"Estructuras"}}]},{"@type":"Organization","@id":"https:\/\/www.esteyco.com\/en\/#organization","name":"Esteyco","description":"Esteyco es una consultor\u00eda independiente de arquitectura civil e ingenier\u00eda con m\u00e1s de 40 a\u00f1os de servicio en todo el mundo.","url":"https:\/\/www.esteyco.com\/en\/"},{"@type":"Person","@id":"https:\/\/www.esteyco.com\/en\/author\/esteyco\/#author","url":"https:\/\/www.esteyco.com\/en\/author\/esteyco\/","name":"Esteyco","image":{"@type":"ImageObject","@id":"https:\/\/www.esteyco.com\/en\/infraestructuras\/segundo-cale-en-las-nuevas-galerias-de-emergencia-en-los-tuneles-de-la-linea-de-alta-velocidad-vitoria-bilbao-san-sebastian\/#authorImage","url":"https:\/\/secure.gravatar.com\/avatar\/66ef5e3d7da27aff44d68b143628d2660d01f7730b0867540b6fdfd02a14f00f?s=96&d=mm&r=g","width":96,"height":96,"caption":"Esteyco"}},{"@type":"WebPage","@id":"https:\/\/www.esteyco.com\/en\/infraestructuras\/segundo-cale-en-las-nuevas-galerias-de-emergencia-en-los-tuneles-de-la-linea-de-alta-velocidad-vitoria-bilbao-san-sebastian\/#webpage","url":"https:\/\/www.esteyco.com\/en\/infraestructuras\/segundo-cale-en-las-nuevas-galerias-de-emergencia-en-los-tuneles-de-la-linea-de-alta-velocidad-vitoria-bilbao-san-sebastian\/","name":"SECOND STALL IN THE NEW EMERGENCY GALLERIES IN THE TUNNELS OF VITORIA-BILBAO-SAN SEBASTI\u00c1N HIGH-SPEED LINE | Esteyco","inLanguage":"en-US","isPartOf":{"@id":"https:\/\/www.esteyco.com\/en\/#website"},"breadcrumb":{"@id":"https:\/\/www.esteyco.com\/en\/infraestructuras\/segundo-cale-en-las-nuevas-galerias-de-emergencia-en-los-tuneles-de-la-linea-de-alta-velocidad-vitoria-bilbao-san-sebastian\/#breadcrumblist"},"author":{"@id":"https:\/\/www.esteyco.com\/en\/author\/esteyco\/#author"},"creator":{"@id":"https:\/\/www.esteyco.com\/en\/author\/esteyco\/#author"},"image":{"@type":"ImageObject","url":"https:\/\/www.esteyco.com\/wp-content\/uploads\/2020\/12\/201217_Cale-AAVV.jpg","@id":"https:\/\/www.esteyco.com\/en\/infraestructuras\/segundo-cale-en-las-nuevas-galerias-de-emergencia-en-los-tuneles-de-la-linea-de-alta-velocidad-vitoria-bilbao-san-sebastian\/#mainImage","width":940,"height":630},"primaryImageOfPage":{"@id":"https:\/\/www.esteyco.com\/en\/infraestructuras\/segundo-cale-en-las-nuevas-galerias-de-emergencia-en-los-tuneles-de-la-linea-de-alta-velocidad-vitoria-bilbao-san-sebastian\/#mainImage"},"datePublished":"2020-12-23T09:31:11+01:00","dateModified":"2022-08-25T07:19:42+02:00"},{"@type":"WebSite","@id":"https:\/\/www.esteyco.com\/en\/#website","url":"https:\/\/www.esteyco.com\/en\/","name":"Esteyco","description":"Esteyco es una consultor\u00eda independiente de arquitectura civil e ingenier\u00eda con m\u00e1s de 40 a\u00f1os de servicio en todo el mundo.","inLanguage":"en-US","publisher":{"@id":"https:\/\/www.esteyco.com\/en\/#organization"}}]},"og:locale":"en_US","og:site_name":"Esteyco | Esteyco es una consultor\u00eda independiente de arquitectura civil e ingenier\u00eda con m\u00e1s de 40 a\u00f1os de servicio en todo el mundo.","og:type":"article","og:title":"SECOND STALL IN THE NEW EMERGENCY GALLERIES IN THE TUNNELS OF VITORIA-BILBAO-SAN SEBASTI\u00c1N HIGH-SPEED LINE | Esteyco","og:url":"https:\/\/www.esteyco.com\/en\/infraestructuras\/segundo-cale-en-las-nuevas-galerias-de-emergencia-en-los-tuneles-de-la-linea-de-alta-velocidad-vitoria-bilbao-san-sebastian\/","article:published_time":"2020-12-23T09:31:11+00:00","article:modified_time":"2022-08-25T07:19:42+00:00","twitter:card":"summary","twitter:title":"SECOND STALL IN THE NEW EMERGENCY GALLERIES IN THE TUNNELS OF VITORIA-BILBAO-SAN SEBASTI\u00c1N HIGH-SPEED LINE | Esteyco"},"aioseo_meta_data":{"post_id":"4502","title":null,"description":"","keywords":"","keyphrases":null,"primary_term":null,"canonical_url":"","og_title":null,"og_description":null,"og_object_type":"default","og_image_type":"default","og_image_url":null,"og_image_width":null,"og_image_height":null,"og_image_custom_url":null,"og_image_custom_fields":null,"og_video":null,"og_custom_url":null,"og_article_section":null,"og_article_tags":null,"twitter_use_og":false,"twitter_card":"default","twitter_image_type":"default","twitter_image_url":null,"twitter_image_custom_url":null,"twitter_image_custom_fields":null,"twitter_title":null,"twitter_description":null,"schema":{"blockGraphs":[],"customGraphs":[],"default":{"data":{"Article":[],"Course":[],"Dataset":[],"FAQPage":[],"Movie":[],"Person":[],"Product":[],"ProductReview":[],"Car":[],"Recipe":[],"Service":[],"SoftwareApplication":[],"WebPage":[]},"graphName":"","isEnabled":true},"graphs":[]},"schema_type":null,"schema_type_options":null,"pillar_content":false,"robots_default":true,"robots_noindex":false,"robots_noarchive":false,"robots_nosnippet":false,"robots_nofollow":false,"robots_noimageindex":false,"robots_noodp":false,"robots_notranslate":false,"robots_max_snippet":null,"robots_max_videopreview":null,"robots_max_imagepreview":"large","priority":null,"frequency":null,"local_seo":null,"breadcrumb_settings":null,"limit_modified_date":false,"ai":null,"created":"2021-05-27 11:00:03","updated":"2025-06-05 06:50:17","seo_analyzer_scan_date":null},"aioseo_breadcrumb":"<div class=\"aioseo-breadcrumbs\"><span class=\"aioseo-breadcrumb\">\n\t\t\t<a href=\"https:\/\/www.esteyco.com\/en\/\" title=\"Inicio\">Inicio<\/a>\n\t\t<\/span><span class=\"aioseo-breadcrumb-separator\">&raquo;<\/span><span class=\"aioseo-breadcrumb\">\n\t\t\t<a href=\"https:\/\/www.esteyco.com\/categoria\/infraestructuras\/\" title=\"Infraestructuras\">Infraestructuras<\/a>\n\t\t<\/span><span class=\"aioseo-breadcrumb-separator\">&raquo;<\/span><span class=\"aioseo-breadcrumb\">\n\t\t\t<a href=\"https:\/\/www.esteyco.com\/categoria\/infraestructuras\/estructuras\/\" title=\"Estructuras\">Estructuras<\/a>\n\t\t<\/span><span class=\"aioseo-breadcrumb-separator\">&raquo;<\/span><span class=\"aioseo-breadcrumb\">\n\t\t\tSECOND STALL IN THE NEW EMERGENCY GALLERIES IN THE TUNNELS OF VITORIA-BILBAO-SAN SEBASTI\u00c1N HIGH-SPEED LINE\n\t\t<\/span><\/div>","aioseo_breadcrumb_json":[{"label":"Inicio","link":"https:\/\/www.esteyco.com\/en\/"},{"label":"Infraestructuras","link":"https:\/\/www.esteyco.com\/categoria\/infraestructuras\/"},{"label":"Estructuras","link":"https:\/\/www.esteyco.com\/categoria\/infraestructuras\/estructuras\/"},{"label":"SECOND STALL IN THE NEW EMERGENCY GALLERIES IN THE TUNNELS OF VITORIA-BILBAO-SAN SEBASTI\u00c1N HIGH-SPEED LINE","link":"https:\/\/www.esteyco.com\/en\/infraestructuras\/segundo-cale-en-las-nuevas-galerias-de-emergencia-en-los-tuneles-de-la-linea-de-alta-velocidad-vitoria-bilbao-san-sebastian\/"}],"_links":{"self":[{"href":"https:\/\/www.esteyco.com\/en\/wp-json\/wp\/v2\/posts\/4502","targetHints":{"allow":["GET"]}}],"collection":[{"href":"https:\/\/www.esteyco.com\/en\/wp-json\/wp\/v2\/posts"}],"about":[{"href":"https:\/\/www.esteyco.com\/en\/wp-json\/wp\/v2\/types\/post"}],"author":[{"embeddable":true,"href":"https:\/\/www.esteyco.com\/en\/wp-json\/wp\/v2\/users\/16"}],"replies":[{"embeddable":true,"href":"https:\/\/www.esteyco.com\/en\/wp-json\/wp\/v2\/comments?post=4502"}],"version-history":[{"count":4,"href":"https:\/\/www.esteyco.com\/en\/wp-json\/wp\/v2\/posts\/4502\/revisions"}],"predecessor-version":[{"id":7512,"href":"https:\/\/www.esteyco.com\/en\/wp-json\/wp\/v2\/posts\/4502\/revisions\/7512"}],"wp:featuredmedia":[{"embeddable":true,"href":"https:\/\/www.esteyco.com\/en\/wp-json\/wp\/v2\/media\/4503"}],"wp:attachment":[{"href":"https:\/\/www.esteyco.com\/en\/wp-json\/wp\/v2\/media?parent=4502"}],"wp:term":[{"taxonomy":"category","embeddable":true,"href":"https:\/\/www.esteyco.com\/en\/wp-json\/wp\/v2\/categories?post=4502"},{"taxonomy":"post_tag","embeddable":true,"href":"https:\/\/www.esteyco.com\/en\/wp-json\/wp\/v2\/tags?post=4502"}],"curies":[{"name":"wp","href":"https:\/\/api.w.org\/{rel}","templated":true}]}}