{"id":4472,"date":"2020-11-06T12:33:07","date_gmt":"2020-11-06T12:33:07","guid":{"rendered":"https:\/\/newesteyco.demosbluefish.es\/?p=4472"},"modified":"2022-08-25T07:19:42","modified_gmt":"2022-08-25T07:19:42","slug":"premios-donostiainn-viralgen-galardonada-con-el-premio-a-la-empresa-joven","status":"publish","type":"post","link":"https:\/\/www.esteyco.com\/en\/arquitecturas-y-urbanismo\/premios-donostiainn-viralgen-galardonada-con-el-premio-a-la-empresa-joven\/","title":{"rendered":"DONOSTIAINN AWARDS: VIRALGEN WINNER OF THE YOUNG BUSINESS AWARD"},"content":{"rendered":"<p>Within the framework of the innovation week organized by San Sebasti\u00e1n Development, the Economic Impulse Councelorship, in the fifth edition of the DonostiaINN awards, delivered the award to the young company for its commitment to innovation, its global approach and its connection with the city to Viralgen.<\/p>\n<p>Founded in 2017, as a joint venture between Askbio and Columbus Venture. It was born in response to the unmet needs for the manufacture of gene therapies based on adeno-associated virus (AAV). It has recently been acquired by the pharmaceutical company Bayer.<\/p>\n<p>In January 2020, the works that will host the Viralgen headquarters in the Miram\u00f3n Technology Park in San Sebasti\u00e1n began. Esteyco is responsible for the architecture and engineering project, as well as the construction management that is currently being carried out.<\/p>\n<p>The complex will be made up of three blocks set on a 14,000 m<sup>2<\/sup> plot where each block consists of 5 floors, two of them below ground level. The volume of the building above ground has a maximum height of 17 m.<\/p>\n<p>The objective is to complete the first phase of the works to begin with the manufacture of viral vectors for rare diseases, and, at the same time, be prepared for the manufacture of the vaccine against Covid-19 by the Massachusetts General Brigham Hospital (MGB) and Harvard University in case it progresses in clinical trials<\/p>\n","protected":false},"excerpt":{"rendered":"<p>Within the framework of the innovation week organized by San Sebasti\u00e1n Development, the Economic Impulse Councelorship, in the fifth edition of the DonostiaINN awards, delivered  [&#8230;]<\/p>\n","protected":false},"author":16,"featured_media":4343,"comment_status":"open","ping_status":"open","sticky":false,"template":"","format":"standard","meta":{"_acf_changed":false,"footnotes":""},"categories":[6,12,13,15,17,19,149,247,273,281,287,312],"tags":[],"class_list":["post-4472","post","type-post","status-publish","format-standard","has-post-thumbnail","hentry","category-arquitecturas-y-urbanismo","category-estructuras","category-ingenieria-del-terreno","category-integracion","category-arquitectura-sostenida","category-edificaciones","category-idi","category-50-anos-2","category-esteyco-2","category-innovacion-2","category-medio-ambiente-2","category-viralgen-2"],"acf":[],"aioseo_notices":[],"aioseo_head":"\n\t\t<!-- All in One SEO 4.9.10 - aioseo.com -->\n\t<meta name=\"robots\" content=\"max-image-preview:large\" \/>\n\t<meta name=\"author\" content=\"Esteyco\"\/>\n\t<link rel=\"canonical\" href=\"https:\/\/www.esteyco.com\/en\/arquitecturas-y-urbanismo\/premios-donostiainn-viralgen-galardonada-con-el-premio-a-la-empresa-joven\/\" \/>\n\t<meta name=\"generator\" content=\"All in One SEO (AIOSEO) 4.9.10\" \/>\n\t\t<meta property=\"og:locale\" content=\"en_US\" \/>\n\t\t<meta property=\"og:site_name\" content=\"Esteyco | Esteyco es una consultor\u00eda independiente de arquitectura civil e ingenier\u00eda con m\u00e1s de 40 a\u00f1os de servicio en todo el mundo.\" \/>\n\t\t<meta property=\"og:type\" content=\"article\" \/>\n\t\t<meta property=\"og:title\" content=\"DONOSTIAINN AWARDS: VIRALGEN WINNER OF THE YOUNG BUSINESS AWARD | Esteyco\" \/>\n\t\t<meta property=\"og:url\" content=\"https:\/\/www.esteyco.com\/en\/arquitecturas-y-urbanismo\/premios-donostiainn-viralgen-galardonada-con-el-premio-a-la-empresa-joven\/\" \/>\n\t\t<meta property=\"article:published_time\" content=\"2020-11-06T12:33:07+00:00\" \/>\n\t\t<meta property=\"article:modified_time\" content=\"2022-08-25T07:19:42+00:00\" \/>\n\t\t<meta name=\"twitter:card\" content=\"summary\" \/>\n\t\t<meta name=\"twitter:title\" content=\"DONOSTIAINN AWARDS: VIRALGEN WINNER OF THE YOUNG BUSINESS AWARD | Esteyco\" \/>\n\t\t<script type=\"application\/ld+json\" class=\"aioseo-schema\">\n\t\t\t{\"@context\":\"https:\\\/\\\/schema.org\",\"@graph\":[{\"@type\":\"Article\",\"@id\":\"https:\\\/\\\/www.esteyco.com\\\/en\\\/arquitecturas-y-urbanismo\\\/premios-donostiainn-viralgen-galardonada-con-el-premio-a-la-empresa-joven\\\/#article\",\"name\":\"DONOSTIAINN AWARDS: VIRALGEN WINNER OF THE YOUNG BUSINESS AWARD | Esteyco\",\"headline\":\"DONOSTIAINN AWARDS: VIRALGEN WINNER OF THE YOUNG BUSINESS AWARD\",\"author\":{\"@id\":\"https:\\\/\\\/www.esteyco.com\\\/en\\\/author\\\/esteyco\\\/#author\"},\"publisher\":{\"@id\":\"https:\\\/\\\/www.esteyco.com\\\/en\\\/#organization\"},\"image\":{\"@type\":\"ImageObject\",\"url\":\"https:\\\/\\\/www.esteyco.com\\\/wp-content\\\/uploads\\\/2020\\\/06\\\/Virlagen.jpg\",\"width\":940,\"height\":639},\"datePublished\":\"2020-11-06T12:33:07+01:00\",\"dateModified\":\"2022-08-25T07:19:42+02:00\",\"inLanguage\":\"en-US\",\"mainEntityOfPage\":{\"@id\":\"https:\\\/\\\/www.esteyco.com\\\/en\\\/arquitecturas-y-urbanismo\\\/premios-donostiainn-viralgen-galardonada-con-el-premio-a-la-empresa-joven\\\/#webpage\"},\"isPartOf\":{\"@id\":\"https:\\\/\\\/www.esteyco.com\\\/en\\\/arquitecturas-y-urbanismo\\\/premios-donostiainn-viralgen-galardonada-con-el-premio-a-la-empresa-joven\\\/#webpage\"},\"articleSection\":\"Arquitectura y Urbanismo, Estructuras, Ingenier\\u00eda del Terreno, Integraci\\u00f3n, Arquitectura Sostenible, Edificaciones, I+D+i, 50 a\\u00f1os, Esteyco, Innovaci\\u00f3n, Medio Ambiente, Viralgen, Opcional\"},{\"@type\":\"BreadcrumbList\",\"@id\":\"https:\\\/\\\/www.esteyco.com\\\/en\\\/arquitecturas-y-urbanismo\\\/premios-donostiainn-viralgen-galardonada-con-el-premio-a-la-empresa-joven\\\/#breadcrumblist\",\"itemListElement\":[{\"@type\":\"ListItem\",\"@id\":\"https:\\\/\\\/www.esteyco.com\\\/en\\\/#listItem\",\"position\":1,\"name\":\"Inicio\",\"item\":\"https:\\\/\\\/www.esteyco.com\\\/en\\\/\",\"nextItem\":{\"@type\":\"ListItem\",\"@id\":\"https:\\\/\\\/www.esteyco.com\\\/categoria\\\/infraestructuras\\\/#listItem\",\"name\":\"Infraestructuras\"}},{\"@type\":\"ListItem\",\"@id\":\"https:\\\/\\\/www.esteyco.com\\\/categoria\\\/infraestructuras\\\/#listItem\",\"position\":2,\"name\":\"Infraestructuras\",\"item\":\"https:\\\/\\\/www.esteyco.com\\\/categoria\\\/infraestructuras\\\/\",\"nextItem\":{\"@type\":\"ListItem\",\"@id\":\"https:\\\/\\\/www.esteyco.com\\\/categoria\\\/infraestructuras\\\/estructuras\\\/#listItem\",\"name\":\"Estructuras\"},\"previousItem\":{\"@type\":\"ListItem\",\"@id\":\"https:\\\/\\\/www.esteyco.com\\\/en\\\/#listItem\",\"name\":\"Inicio\"}},{\"@type\":\"ListItem\",\"@id\":\"https:\\\/\\\/www.esteyco.com\\\/categoria\\\/infraestructuras\\\/estructuras\\\/#listItem\",\"position\":3,\"name\":\"Estructuras\",\"item\":\"https:\\\/\\\/www.esteyco.com\\\/categoria\\\/infraestructuras\\\/estructuras\\\/\",\"nextItem\":{\"@type\":\"ListItem\",\"@id\":\"https:\\\/\\\/www.esteyco.com\\\/en\\\/arquitecturas-y-urbanismo\\\/premios-donostiainn-viralgen-galardonada-con-el-premio-a-la-empresa-joven\\\/#listItem\",\"name\":\"DONOSTIAINN AWARDS: VIRALGEN WINNER OF THE YOUNG BUSINESS AWARD\"},\"previousItem\":{\"@type\":\"ListItem\",\"@id\":\"https:\\\/\\\/www.esteyco.com\\\/categoria\\\/infraestructuras\\\/#listItem\",\"name\":\"Infraestructuras\"}},{\"@type\":\"ListItem\",\"@id\":\"https:\\\/\\\/www.esteyco.com\\\/en\\\/arquitecturas-y-urbanismo\\\/premios-donostiainn-viralgen-galardonada-con-el-premio-a-la-empresa-joven\\\/#listItem\",\"position\":4,\"name\":\"DONOSTIAINN AWARDS: VIRALGEN WINNER OF THE YOUNG BUSINESS AWARD\",\"previousItem\":{\"@type\":\"ListItem\",\"@id\":\"https:\\\/\\\/www.esteyco.com\\\/categoria\\\/infraestructuras\\\/estructuras\\\/#listItem\",\"name\":\"Estructuras\"}}]},{\"@type\":\"Organization\",\"@id\":\"https:\\\/\\\/www.esteyco.com\\\/en\\\/#organization\",\"name\":\"Esteyco\",\"description\":\"Esteyco es una consultor\\u00eda independiente de arquitectura civil e ingenier\\u00eda con m\\u00e1s de 40 a\\u00f1os de servicio en todo el mundo.\",\"url\":\"https:\\\/\\\/www.esteyco.com\\\/en\\\/\"},{\"@type\":\"Person\",\"@id\":\"https:\\\/\\\/www.esteyco.com\\\/en\\\/author\\\/esteyco\\\/#author\",\"url\":\"https:\\\/\\\/www.esteyco.com\\\/en\\\/author\\\/esteyco\\\/\",\"name\":\"Esteyco\",\"image\":{\"@type\":\"ImageObject\",\"@id\":\"https:\\\/\\\/www.esteyco.com\\\/en\\\/arquitecturas-y-urbanismo\\\/premios-donostiainn-viralgen-galardonada-con-el-premio-a-la-empresa-joven\\\/#authorImage\",\"url\":\"https:\\\/\\\/secure.gravatar.com\\\/avatar\\\/66ef5e3d7da27aff44d68b143628d2660d01f7730b0867540b6fdfd02a14f00f?s=96&d=mm&r=g\",\"width\":96,\"height\":96,\"caption\":\"Esteyco\"}},{\"@type\":\"WebPage\",\"@id\":\"https:\\\/\\\/www.esteyco.com\\\/en\\\/arquitecturas-y-urbanismo\\\/premios-donostiainn-viralgen-galardonada-con-el-premio-a-la-empresa-joven\\\/#webpage\",\"url\":\"https:\\\/\\\/www.esteyco.com\\\/en\\\/arquitecturas-y-urbanismo\\\/premios-donostiainn-viralgen-galardonada-con-el-premio-a-la-empresa-joven\\\/\",\"name\":\"DONOSTIAINN AWARDS: VIRALGEN WINNER OF THE YOUNG BUSINESS AWARD | Esteyco\",\"inLanguage\":\"en-US\",\"isPartOf\":{\"@id\":\"https:\\\/\\\/www.esteyco.com\\\/en\\\/#website\"},\"breadcrumb\":{\"@id\":\"https:\\\/\\\/www.esteyco.com\\\/en\\\/arquitecturas-y-urbanismo\\\/premios-donostiainn-viralgen-galardonada-con-el-premio-a-la-empresa-joven\\\/#breadcrumblist\"},\"author\":{\"@id\":\"https:\\\/\\\/www.esteyco.com\\\/en\\\/author\\\/esteyco\\\/#author\"},\"creator\":{\"@id\":\"https:\\\/\\\/www.esteyco.com\\\/en\\\/author\\\/esteyco\\\/#author\"},\"image\":{\"@type\":\"ImageObject\",\"url\":\"https:\\\/\\\/www.esteyco.com\\\/wp-content\\\/uploads\\\/2020\\\/06\\\/Virlagen.jpg\",\"@id\":\"https:\\\/\\\/www.esteyco.com\\\/en\\\/arquitecturas-y-urbanismo\\\/premios-donostiainn-viralgen-galardonada-con-el-premio-a-la-empresa-joven\\\/#mainImage\",\"width\":940,\"height\":639},\"primaryImageOfPage\":{\"@id\":\"https:\\\/\\\/www.esteyco.com\\\/en\\\/arquitecturas-y-urbanismo\\\/premios-donostiainn-viralgen-galardonada-con-el-premio-a-la-empresa-joven\\\/#mainImage\"},\"datePublished\":\"2020-11-06T12:33:07+01:00\",\"dateModified\":\"2022-08-25T07:19:42+02:00\"},{\"@type\":\"WebSite\",\"@id\":\"https:\\\/\\\/www.esteyco.com\\\/en\\\/#website\",\"url\":\"https:\\\/\\\/www.esteyco.com\\\/en\\\/\",\"name\":\"Esteyco\",\"description\":\"Esteyco es una consultor\\u00eda independiente de arquitectura civil e ingenier\\u00eda con m\\u00e1s de 40 a\\u00f1os de servicio en todo el mundo.\",\"inLanguage\":\"en-US\",\"publisher\":{\"@id\":\"https:\\\/\\\/www.esteyco.com\\\/en\\\/#organization\"}}]}\n\t\t<\/script>\n\t\t<!-- All in One SEO -->\n\n","aioseo_head_json":{"title":"DONOSTIAINN AWARDS: VIRALGEN WINNER OF THE YOUNG BUSINESS AWARD | Esteyco","description":"","canonical_url":"https:\/\/www.esteyco.com\/en\/arquitecturas-y-urbanismo\/premios-donostiainn-viralgen-galardonada-con-el-premio-a-la-empresa-joven\/","robots":"max-image-preview:large","keywords":"","webmasterTools":{"miscellaneous":""},"schema":{"@context":"https:\/\/schema.org","@graph":[{"@type":"Article","@id":"https:\/\/www.esteyco.com\/en\/arquitecturas-y-urbanismo\/premios-donostiainn-viralgen-galardonada-con-el-premio-a-la-empresa-joven\/#article","name":"DONOSTIAINN AWARDS: VIRALGEN WINNER OF THE YOUNG BUSINESS AWARD | Esteyco","headline":"DONOSTIAINN AWARDS: VIRALGEN WINNER OF THE YOUNG BUSINESS AWARD","author":{"@id":"https:\/\/www.esteyco.com\/en\/author\/esteyco\/#author"},"publisher":{"@id":"https:\/\/www.esteyco.com\/en\/#organization"},"image":{"@type":"ImageObject","url":"https:\/\/www.esteyco.com\/wp-content\/uploads\/2020\/06\/Virlagen.jpg","width":940,"height":639},"datePublished":"2020-11-06T12:33:07+01:00","dateModified":"2022-08-25T07:19:42+02:00","inLanguage":"en-US","mainEntityOfPage":{"@id":"https:\/\/www.esteyco.com\/en\/arquitecturas-y-urbanismo\/premios-donostiainn-viralgen-galardonada-con-el-premio-a-la-empresa-joven\/#webpage"},"isPartOf":{"@id":"https:\/\/www.esteyco.com\/en\/arquitecturas-y-urbanismo\/premios-donostiainn-viralgen-galardonada-con-el-premio-a-la-empresa-joven\/#webpage"},"articleSection":"Arquitectura y Urbanismo, Estructuras, Ingenier\u00eda del Terreno, Integraci\u00f3n, Arquitectura Sostenible, Edificaciones, I+D+i, 50 a\u00f1os, Esteyco, Innovaci\u00f3n, Medio Ambiente, Viralgen, Opcional"},{"@type":"BreadcrumbList","@id":"https:\/\/www.esteyco.com\/en\/arquitecturas-y-urbanismo\/premios-donostiainn-viralgen-galardonada-con-el-premio-a-la-empresa-joven\/#breadcrumblist","itemListElement":[{"@type":"ListItem","@id":"https:\/\/www.esteyco.com\/en\/#listItem","position":1,"name":"Inicio","item":"https:\/\/www.esteyco.com\/en\/","nextItem":{"@type":"ListItem","@id":"https:\/\/www.esteyco.com\/categoria\/infraestructuras\/#listItem","name":"Infraestructuras"}},{"@type":"ListItem","@id":"https:\/\/www.esteyco.com\/categoria\/infraestructuras\/#listItem","position":2,"name":"Infraestructuras","item":"https:\/\/www.esteyco.com\/categoria\/infraestructuras\/","nextItem":{"@type":"ListItem","@id":"https:\/\/www.esteyco.com\/categoria\/infraestructuras\/estructuras\/#listItem","name":"Estructuras"},"previousItem":{"@type":"ListItem","@id":"https:\/\/www.esteyco.com\/en\/#listItem","name":"Inicio"}},{"@type":"ListItem","@id":"https:\/\/www.esteyco.com\/categoria\/infraestructuras\/estructuras\/#listItem","position":3,"name":"Estructuras","item":"https:\/\/www.esteyco.com\/categoria\/infraestructuras\/estructuras\/","nextItem":{"@type":"ListItem","@id":"https:\/\/www.esteyco.com\/en\/arquitecturas-y-urbanismo\/premios-donostiainn-viralgen-galardonada-con-el-premio-a-la-empresa-joven\/#listItem","name":"DONOSTIAINN AWARDS: VIRALGEN WINNER OF THE YOUNG BUSINESS AWARD"},"previousItem":{"@type":"ListItem","@id":"https:\/\/www.esteyco.com\/categoria\/infraestructuras\/#listItem","name":"Infraestructuras"}},{"@type":"ListItem","@id":"https:\/\/www.esteyco.com\/en\/arquitecturas-y-urbanismo\/premios-donostiainn-viralgen-galardonada-con-el-premio-a-la-empresa-joven\/#listItem","position":4,"name":"DONOSTIAINN AWARDS: VIRALGEN WINNER OF THE YOUNG BUSINESS AWARD","previousItem":{"@type":"ListItem","@id":"https:\/\/www.esteyco.com\/categoria\/infraestructuras\/estructuras\/#listItem","name":"Estructuras"}}]},{"@type":"Organization","@id":"https:\/\/www.esteyco.com\/en\/#organization","name":"Esteyco","description":"Esteyco es una consultor\u00eda independiente de arquitectura civil e ingenier\u00eda con m\u00e1s de 40 a\u00f1os de servicio en todo el mundo.","url":"https:\/\/www.esteyco.com\/en\/"},{"@type":"Person","@id":"https:\/\/www.esteyco.com\/en\/author\/esteyco\/#author","url":"https:\/\/www.esteyco.com\/en\/author\/esteyco\/","name":"Esteyco","image":{"@type":"ImageObject","@id":"https:\/\/www.esteyco.com\/en\/arquitecturas-y-urbanismo\/premios-donostiainn-viralgen-galardonada-con-el-premio-a-la-empresa-joven\/#authorImage","url":"https:\/\/secure.gravatar.com\/avatar\/66ef5e3d7da27aff44d68b143628d2660d01f7730b0867540b6fdfd02a14f00f?s=96&d=mm&r=g","width":96,"height":96,"caption":"Esteyco"}},{"@type":"WebPage","@id":"https:\/\/www.esteyco.com\/en\/arquitecturas-y-urbanismo\/premios-donostiainn-viralgen-galardonada-con-el-premio-a-la-empresa-joven\/#webpage","url":"https:\/\/www.esteyco.com\/en\/arquitecturas-y-urbanismo\/premios-donostiainn-viralgen-galardonada-con-el-premio-a-la-empresa-joven\/","name":"DONOSTIAINN AWARDS: VIRALGEN WINNER OF THE YOUNG BUSINESS AWARD | Esteyco","inLanguage":"en-US","isPartOf":{"@id":"https:\/\/www.esteyco.com\/en\/#website"},"breadcrumb":{"@id":"https:\/\/www.esteyco.com\/en\/arquitecturas-y-urbanismo\/premios-donostiainn-viralgen-galardonada-con-el-premio-a-la-empresa-joven\/#breadcrumblist"},"author":{"@id":"https:\/\/www.esteyco.com\/en\/author\/esteyco\/#author"},"creator":{"@id":"https:\/\/www.esteyco.com\/en\/author\/esteyco\/#author"},"image":{"@type":"ImageObject","url":"https:\/\/www.esteyco.com\/wp-content\/uploads\/2020\/06\/Virlagen.jpg","@id":"https:\/\/www.esteyco.com\/en\/arquitecturas-y-urbanismo\/premios-donostiainn-viralgen-galardonada-con-el-premio-a-la-empresa-joven\/#mainImage","width":940,"height":639},"primaryImageOfPage":{"@id":"https:\/\/www.esteyco.com\/en\/arquitecturas-y-urbanismo\/premios-donostiainn-viralgen-galardonada-con-el-premio-a-la-empresa-joven\/#mainImage"},"datePublished":"2020-11-06T12:33:07+01:00","dateModified":"2022-08-25T07:19:42+02:00"},{"@type":"WebSite","@id":"https:\/\/www.esteyco.com\/en\/#website","url":"https:\/\/www.esteyco.com\/en\/","name":"Esteyco","description":"Esteyco es una consultor\u00eda independiente de arquitectura civil e ingenier\u00eda con m\u00e1s de 40 a\u00f1os de servicio en todo el mundo.","inLanguage":"en-US","publisher":{"@id":"https:\/\/www.esteyco.com\/en\/#organization"}}]},"og:locale":"en_US","og:site_name":"Esteyco | Esteyco es una consultor\u00eda independiente de arquitectura civil e ingenier\u00eda con m\u00e1s de 40 a\u00f1os de servicio en todo el mundo.","og:type":"article","og:title":"DONOSTIAINN AWARDS: VIRALGEN WINNER OF THE YOUNG BUSINESS AWARD | Esteyco","og:url":"https:\/\/www.esteyco.com\/en\/arquitecturas-y-urbanismo\/premios-donostiainn-viralgen-galardonada-con-el-premio-a-la-empresa-joven\/","article:published_time":"2020-11-06T12:33:07+00:00","article:modified_time":"2022-08-25T07:19:42+00:00","twitter:card":"summary","twitter:title":"DONOSTIAINN AWARDS: VIRALGEN WINNER OF THE YOUNG BUSINESS AWARD | Esteyco"},"aioseo_meta_data":{"post_id":"4472","title":null,"description":"","keywords":"","keyphrases":null,"primary_term":null,"canonical_url":"","og_title":null,"og_description":null,"og_object_type":"default","og_image_type":"default","og_image_url":null,"og_image_width":null,"og_image_height":null,"og_image_custom_url":null,"og_image_custom_fields":null,"og_video":null,"og_custom_url":null,"og_article_section":null,"og_article_tags":null,"twitter_use_og":false,"twitter_card":"default","twitter_image_type":"default","twitter_image_url":null,"twitter_image_custom_url":null,"twitter_image_custom_fields":null,"twitter_title":null,"twitter_description":null,"schema":{"blockGraphs":[],"customGraphs":[],"default":{"data":{"Article":[],"Course":[],"Dataset":[],"FAQPage":[],"Movie":[],"Person":[],"Product":[],"ProductReview":[],"Car":[],"Recipe":[],"Service":[],"SoftwareApplication":[],"WebPage":[]},"graphName":"","isEnabled":true},"graphs":[]},"schema_type":null,"schema_type_options":null,"pillar_content":false,"robots_default":true,"robots_noindex":false,"robots_noarchive":false,"robots_nosnippet":false,"robots_nofollow":false,"robots_noimageindex":false,"robots_noodp":false,"robots_notranslate":false,"robots_max_snippet":null,"robots_max_videopreview":null,"robots_max_imagepreview":"large","priority":null,"frequency":null,"local_seo":null,"breadcrumb_settings":null,"limit_modified_date":false,"ai":null,"created":"2021-05-27 11:00:03","updated":"2025-06-05 06:50:17","seo_analyzer_scan_date":null},"aioseo_breadcrumb":"<div class=\"aioseo-breadcrumbs\"><span class=\"aioseo-breadcrumb\">\n\t\t\t<a href=\"https:\/\/www.esteyco.com\/en\/\" title=\"Inicio\">Inicio<\/a>\n\t\t<\/span><span class=\"aioseo-breadcrumb-separator\">&raquo;<\/span><span class=\"aioseo-breadcrumb\">\n\t\t\t<a href=\"https:\/\/www.esteyco.com\/categoria\/infraestructuras\/\" title=\"Infraestructuras\">Infraestructuras<\/a>\n\t\t<\/span><span class=\"aioseo-breadcrumb-separator\">&raquo;<\/span><span class=\"aioseo-breadcrumb\">\n\t\t\t<a href=\"https:\/\/www.esteyco.com\/categoria\/infraestructuras\/estructuras\/\" title=\"Estructuras\">Estructuras<\/a>\n\t\t<\/span><span class=\"aioseo-breadcrumb-separator\">&raquo;<\/span><span class=\"aioseo-breadcrumb\">\n\t\t\tDONOSTIAINN AWARDS: VIRALGEN WINNER OF THE YOUNG BUSINESS AWARD\n\t\t<\/span><\/div>","aioseo_breadcrumb_json":[{"label":"Inicio","link":"https:\/\/www.esteyco.com\/en\/"},{"label":"Infraestructuras","link":"https:\/\/www.esteyco.com\/categoria\/infraestructuras\/"},{"label":"Estructuras","link":"https:\/\/www.esteyco.com\/categoria\/infraestructuras\/estructuras\/"},{"label":"DONOSTIAINN AWARDS: VIRALGEN WINNER OF THE YOUNG BUSINESS AWARD","link":"https:\/\/www.esteyco.com\/en\/arquitecturas-y-urbanismo\/premios-donostiainn-viralgen-galardonada-con-el-premio-a-la-empresa-joven\/"}],"_links":{"self":[{"href":"https:\/\/www.esteyco.com\/en\/wp-json\/wp\/v2\/posts\/4472","targetHints":{"allow":["GET"]}}],"collection":[{"href":"https:\/\/www.esteyco.com\/en\/wp-json\/wp\/v2\/posts"}],"about":[{"href":"https:\/\/www.esteyco.com\/en\/wp-json\/wp\/v2\/types\/post"}],"author":[{"embeddable":true,"href":"https:\/\/www.esteyco.com\/en\/wp-json\/wp\/v2\/users\/16"}],"replies":[{"embeddable":true,"href":"https:\/\/www.esteyco.com\/en\/wp-json\/wp\/v2\/comments?post=4472"}],"version-history":[{"count":3,"href":"https:\/\/www.esteyco.com\/en\/wp-json\/wp\/v2\/posts\/4472\/revisions"}],"predecessor-version":[{"id":7510,"href":"https:\/\/www.esteyco.com\/en\/wp-json\/wp\/v2\/posts\/4472\/revisions\/7510"}],"wp:featuredmedia":[{"embeddable":true,"href":"https:\/\/www.esteyco.com\/en\/wp-json\/wp\/v2\/media\/4343"}],"wp:attachment":[{"href":"https:\/\/www.esteyco.com\/en\/wp-json\/wp\/v2\/media?parent=4472"}],"wp:term":[{"taxonomy":"category","embeddable":true,"href":"https:\/\/www.esteyco.com\/en\/wp-json\/wp\/v2\/categories?post=4472"},{"taxonomy":"post_tag","embeddable":true,"href":"https:\/\/www.esteyco.com\/en\/wp-json\/wp\/v2\/tags?post=4472"}],"curies":[{"name":"wp","href":"https:\/\/api.w.org\/{rel}","templated":true}]}}