{"id":4457,"date":"2020-10-09T10:30:39","date_gmt":"2020-10-09T10:30:39","guid":{"rendered":"https:\/\/newesteyco.demosbluefish.es\/?p=4457"},"modified":"2022-08-25T07:19:41","modified_gmt":"2022-08-25T07:19:41","slug":"iv-nit-de-les-infraestructures","status":"publish","type":"post","link":"https:\/\/www.esteyco.com\/en\/arquitecturas-y-urbanismo\/iv-nit-de-les-infraestructures\/","title":{"rendered":"IV INFRAESTRUCTURES NIGHT"},"content":{"rendered":"<p>On October 14 at 6:00 p.m., the IV Nit de les Infraestructures will take place at the Auditorio de Fomento del Trabajo Nacional, an act in which the 2019 Infrastructure Advisory Council of Catalonia Award will be delivered.<\/p>\n<p>The event can be followed online and the following attendees will participate:<\/p>\n<p>Josep S\u00e1nchez Llibre. President of the Foment del Treball.<\/p>\n<p>Francisco Gutierrez. President of the Consell Assessor d&#8217;Infraestructures de Catalunya.<\/p>\n<p>Javier Rui-Wamba Martija. President of the Fundaci\u00f3n Esteyco, as the guest of honor who will give his presentation.<\/p>\n<p>Janet Sanz. Second Deputy Mayor of l\u2019Ajuntament de Barcelona<\/p>\n<p>Dami\u00e0 Calvet. Conseller. Departament de Territori i Sosteniblitat<\/p>\n<p>Pedro Saura. Secretary of State for Transport, Mobility and Urban Agenda. Ministerio de Transportes, Movilidad y Agenda Urbana.<\/p>\n","protected":false},"excerpt":{"rendered":"<p>On October 14 at 6:00 p.m., the IV Nit de les Infraestructures will take place at the Auditorio de Fomento del Trabajo Nacional, an act  [&#8230;]<\/p>\n","protected":false},"author":16,"featured_media":4458,"comment_status":"open","ping_status":"open","sticky":false,"template":"","format":"standard","meta":{"_acf_changed":false,"footnotes":""},"categories":[6,7,18,149,190,247,281,282],"tags":[],"class_list":["post-4457","post","type-post","status-publish","format-standard","has-post-thumbnail","hentry","category-arquitecturas-y-urbanismo","category-energia","category-cuidades","category-idi","category-fundacion-esteyco","category-50-anos-2","category-innovacion-2","category-javier-rui-wamba-2"],"acf":[],"aioseo_notices":[],"aioseo_head":"\n\t\t<!-- All in One SEO 4.9.10 - aioseo.com -->\n\t<meta name=\"robots\" content=\"max-image-preview:large\" \/>\n\t<meta name=\"author\" content=\"Esteyco\"\/>\n\t<link rel=\"canonical\" href=\"https:\/\/www.esteyco.com\/en\/arquitecturas-y-urbanismo\/iv-nit-de-les-infraestructures\/\" \/>\n\t<meta name=\"generator\" content=\"All in One SEO (AIOSEO) 4.9.10\" \/>\n\t\t<meta property=\"og:locale\" content=\"en_US\" \/>\n\t\t<meta property=\"og:site_name\" content=\"Esteyco | Esteyco es una consultor\u00eda independiente de arquitectura civil e ingenier\u00eda con m\u00e1s de 40 a\u00f1os de servicio en todo el mundo.\" \/>\n\t\t<meta property=\"og:type\" content=\"article\" \/>\n\t\t<meta property=\"og:title\" content=\"IV INFRAESTRUCTURES NIGHT | Esteyco\" \/>\n\t\t<meta property=\"og:url\" content=\"https:\/\/www.esteyco.com\/en\/arquitecturas-y-urbanismo\/iv-nit-de-les-infraestructures\/\" \/>\n\t\t<meta property=\"article:published_time\" content=\"2020-10-09T10:30:39+00:00\" \/>\n\t\t<meta property=\"article:modified_time\" content=\"2022-08-25T07:19:41+00:00\" \/>\n\t\t<meta name=\"twitter:card\" content=\"summary\" \/>\n\t\t<meta name=\"twitter:title\" content=\"IV INFRAESTRUCTURES NIGHT | Esteyco\" \/>\n\t\t<script type=\"application\/ld+json\" class=\"aioseo-schema\">\n\t\t\t{\"@context\":\"https:\\\/\\\/schema.org\",\"@graph\":[{\"@type\":\"Article\",\"@id\":\"https:\\\/\\\/www.esteyco.com\\\/en\\\/arquitecturas-y-urbanismo\\\/iv-nit-de-les-infraestructures\\\/#article\",\"name\":\"IV INFRAESTRUCTURES NIGHT | Esteyco\",\"headline\":\"IV INFRAESTRUCTURES NIGHT\",\"author\":{\"@id\":\"https:\\\/\\\/www.esteyco.com\\\/en\\\/author\\\/esteyco\\\/#author\"},\"publisher\":{\"@id\":\"https:\\\/\\\/www.esteyco.com\\\/en\\\/#organization\"},\"image\":{\"@type\":\"ImageObject\",\"url\":\"https:\\\/\\\/www.esteyco.com\\\/wp-content\\\/uploads\\\/2020\\\/10\\\/JRW.jpg\",\"width\":940,\"height\":637},\"datePublished\":\"2020-10-09T10:30:39+02:00\",\"dateModified\":\"2022-08-25T07:19:41+02:00\",\"inLanguage\":\"en-US\",\"mainEntityOfPage\":{\"@id\":\"https:\\\/\\\/www.esteyco.com\\\/en\\\/arquitecturas-y-urbanismo\\\/iv-nit-de-les-infraestructures\\\/#webpage\"},\"isPartOf\":{\"@id\":\"https:\\\/\\\/www.esteyco.com\\\/en\\\/arquitecturas-y-urbanismo\\\/iv-nit-de-les-infraestructures\\\/#webpage\"},\"articleSection\":\"Arquitectura y Urbanismo, Energ\\u00eda, Ciudades, I+D+i, Fundaci\\u00f3n Esteyco, 50 a\\u00f1os, Innovaci\\u00f3n, Javier Rui-Wamba, Opcional\"},{\"@type\":\"BreadcrumbList\",\"@id\":\"https:\\\/\\\/www.esteyco.com\\\/en\\\/arquitecturas-y-urbanismo\\\/iv-nit-de-les-infraestructures\\\/#breadcrumblist\",\"itemListElement\":[{\"@type\":\"ListItem\",\"@id\":\"https:\\\/\\\/www.esteyco.com\\\/en\\\/#listItem\",\"position\":1,\"name\":\"Inicio\",\"item\":\"https:\\\/\\\/www.esteyco.com\\\/en\\\/\",\"nextItem\":{\"@type\":\"ListItem\",\"@id\":\"https:\\\/\\\/www.esteyco.com\\\/categoria\\\/arquitecturas-y-urbanismo\\\/#listItem\",\"name\":\"Arquitectura y Urbanismo\"}},{\"@type\":\"ListItem\",\"@id\":\"https:\\\/\\\/www.esteyco.com\\\/categoria\\\/arquitecturas-y-urbanismo\\\/#listItem\",\"position\":2,\"name\":\"Arquitectura y Urbanismo\",\"item\":\"https:\\\/\\\/www.esteyco.com\\\/categoria\\\/arquitecturas-y-urbanismo\\\/\",\"nextItem\":{\"@type\":\"ListItem\",\"@id\":\"https:\\\/\\\/www.esteyco.com\\\/categoria\\\/arquitecturas-y-urbanismo\\\/cuidades\\\/#listItem\",\"name\":\"Ciudades\"},\"previousItem\":{\"@type\":\"ListItem\",\"@id\":\"https:\\\/\\\/www.esteyco.com\\\/en\\\/#listItem\",\"name\":\"Inicio\"}},{\"@type\":\"ListItem\",\"@id\":\"https:\\\/\\\/www.esteyco.com\\\/categoria\\\/arquitecturas-y-urbanismo\\\/cuidades\\\/#listItem\",\"position\":3,\"name\":\"Ciudades\",\"item\":\"https:\\\/\\\/www.esteyco.com\\\/categoria\\\/arquitecturas-y-urbanismo\\\/cuidades\\\/\",\"nextItem\":{\"@type\":\"ListItem\",\"@id\":\"https:\\\/\\\/www.esteyco.com\\\/en\\\/arquitecturas-y-urbanismo\\\/iv-nit-de-les-infraestructures\\\/#listItem\",\"name\":\"IV INFRAESTRUCTURES NIGHT\"},\"previousItem\":{\"@type\":\"ListItem\",\"@id\":\"https:\\\/\\\/www.esteyco.com\\\/categoria\\\/arquitecturas-y-urbanismo\\\/#listItem\",\"name\":\"Arquitectura y Urbanismo\"}},{\"@type\":\"ListItem\",\"@id\":\"https:\\\/\\\/www.esteyco.com\\\/en\\\/arquitecturas-y-urbanismo\\\/iv-nit-de-les-infraestructures\\\/#listItem\",\"position\":4,\"name\":\"IV INFRAESTRUCTURES NIGHT\",\"previousItem\":{\"@type\":\"ListItem\",\"@id\":\"https:\\\/\\\/www.esteyco.com\\\/categoria\\\/arquitecturas-y-urbanismo\\\/cuidades\\\/#listItem\",\"name\":\"Ciudades\"}}]},{\"@type\":\"Organization\",\"@id\":\"https:\\\/\\\/www.esteyco.com\\\/en\\\/#organization\",\"name\":\"Esteyco\",\"description\":\"Esteyco es una consultor\\u00eda independiente de arquitectura civil e ingenier\\u00eda con m\\u00e1s de 40 a\\u00f1os de servicio en todo el mundo.\",\"url\":\"https:\\\/\\\/www.esteyco.com\\\/en\\\/\"},{\"@type\":\"Person\",\"@id\":\"https:\\\/\\\/www.esteyco.com\\\/en\\\/author\\\/esteyco\\\/#author\",\"url\":\"https:\\\/\\\/www.esteyco.com\\\/en\\\/author\\\/esteyco\\\/\",\"name\":\"Esteyco\",\"image\":{\"@type\":\"ImageObject\",\"@id\":\"https:\\\/\\\/www.esteyco.com\\\/en\\\/arquitecturas-y-urbanismo\\\/iv-nit-de-les-infraestructures\\\/#authorImage\",\"url\":\"https:\\\/\\\/secure.gravatar.com\\\/avatar\\\/66ef5e3d7da27aff44d68b143628d2660d01f7730b0867540b6fdfd02a14f00f?s=96&d=mm&r=g\",\"width\":96,\"height\":96,\"caption\":\"Esteyco\"}},{\"@type\":\"WebPage\",\"@id\":\"https:\\\/\\\/www.esteyco.com\\\/en\\\/arquitecturas-y-urbanismo\\\/iv-nit-de-les-infraestructures\\\/#webpage\",\"url\":\"https:\\\/\\\/www.esteyco.com\\\/en\\\/arquitecturas-y-urbanismo\\\/iv-nit-de-les-infraestructures\\\/\",\"name\":\"IV INFRAESTRUCTURES NIGHT | Esteyco\",\"inLanguage\":\"en-US\",\"isPartOf\":{\"@id\":\"https:\\\/\\\/www.esteyco.com\\\/en\\\/#website\"},\"breadcrumb\":{\"@id\":\"https:\\\/\\\/www.esteyco.com\\\/en\\\/arquitecturas-y-urbanismo\\\/iv-nit-de-les-infraestructures\\\/#breadcrumblist\"},\"author\":{\"@id\":\"https:\\\/\\\/www.esteyco.com\\\/en\\\/author\\\/esteyco\\\/#author\"},\"creator\":{\"@id\":\"https:\\\/\\\/www.esteyco.com\\\/en\\\/author\\\/esteyco\\\/#author\"},\"image\":{\"@type\":\"ImageObject\",\"url\":\"https:\\\/\\\/www.esteyco.com\\\/wp-content\\\/uploads\\\/2020\\\/10\\\/JRW.jpg\",\"@id\":\"https:\\\/\\\/www.esteyco.com\\\/en\\\/arquitecturas-y-urbanismo\\\/iv-nit-de-les-infraestructures\\\/#mainImage\",\"width\":940,\"height\":637},\"primaryImageOfPage\":{\"@id\":\"https:\\\/\\\/www.esteyco.com\\\/en\\\/arquitecturas-y-urbanismo\\\/iv-nit-de-les-infraestructures\\\/#mainImage\"},\"datePublished\":\"2020-10-09T10:30:39+02:00\",\"dateModified\":\"2022-08-25T07:19:41+02:00\"},{\"@type\":\"WebSite\",\"@id\":\"https:\\\/\\\/www.esteyco.com\\\/en\\\/#website\",\"url\":\"https:\\\/\\\/www.esteyco.com\\\/en\\\/\",\"name\":\"Esteyco\",\"description\":\"Esteyco es una consultor\\u00eda independiente de arquitectura civil e ingenier\\u00eda con m\\u00e1s de 40 a\\u00f1os de servicio en todo el mundo.\",\"inLanguage\":\"en-US\",\"publisher\":{\"@id\":\"https:\\\/\\\/www.esteyco.com\\\/en\\\/#organization\"}}]}\n\t\t<\/script>\n\t\t<!-- All in One SEO -->\n\n","aioseo_head_json":{"title":"IV INFRAESTRUCTURES NIGHT | Esteyco","description":"","canonical_url":"https:\/\/www.esteyco.com\/en\/arquitecturas-y-urbanismo\/iv-nit-de-les-infraestructures\/","robots":"max-image-preview:large","keywords":"","webmasterTools":{"miscellaneous":""},"schema":{"@context":"https:\/\/schema.org","@graph":[{"@type":"Article","@id":"https:\/\/www.esteyco.com\/en\/arquitecturas-y-urbanismo\/iv-nit-de-les-infraestructures\/#article","name":"IV INFRAESTRUCTURES NIGHT | Esteyco","headline":"IV INFRAESTRUCTURES NIGHT","author":{"@id":"https:\/\/www.esteyco.com\/en\/author\/esteyco\/#author"},"publisher":{"@id":"https:\/\/www.esteyco.com\/en\/#organization"},"image":{"@type":"ImageObject","url":"https:\/\/www.esteyco.com\/wp-content\/uploads\/2020\/10\/JRW.jpg","width":940,"height":637},"datePublished":"2020-10-09T10:30:39+02:00","dateModified":"2022-08-25T07:19:41+02:00","inLanguage":"en-US","mainEntityOfPage":{"@id":"https:\/\/www.esteyco.com\/en\/arquitecturas-y-urbanismo\/iv-nit-de-les-infraestructures\/#webpage"},"isPartOf":{"@id":"https:\/\/www.esteyco.com\/en\/arquitecturas-y-urbanismo\/iv-nit-de-les-infraestructures\/#webpage"},"articleSection":"Arquitectura y Urbanismo, Energ\u00eda, Ciudades, I+D+i, Fundaci\u00f3n Esteyco, 50 a\u00f1os, Innovaci\u00f3n, Javier Rui-Wamba, Opcional"},{"@type":"BreadcrumbList","@id":"https:\/\/www.esteyco.com\/en\/arquitecturas-y-urbanismo\/iv-nit-de-les-infraestructures\/#breadcrumblist","itemListElement":[{"@type":"ListItem","@id":"https:\/\/www.esteyco.com\/en\/#listItem","position":1,"name":"Inicio","item":"https:\/\/www.esteyco.com\/en\/","nextItem":{"@type":"ListItem","@id":"https:\/\/www.esteyco.com\/categoria\/arquitecturas-y-urbanismo\/#listItem","name":"Arquitectura y Urbanismo"}},{"@type":"ListItem","@id":"https:\/\/www.esteyco.com\/categoria\/arquitecturas-y-urbanismo\/#listItem","position":2,"name":"Arquitectura y Urbanismo","item":"https:\/\/www.esteyco.com\/categoria\/arquitecturas-y-urbanismo\/","nextItem":{"@type":"ListItem","@id":"https:\/\/www.esteyco.com\/categoria\/arquitecturas-y-urbanismo\/cuidades\/#listItem","name":"Ciudades"},"previousItem":{"@type":"ListItem","@id":"https:\/\/www.esteyco.com\/en\/#listItem","name":"Inicio"}},{"@type":"ListItem","@id":"https:\/\/www.esteyco.com\/categoria\/arquitecturas-y-urbanismo\/cuidades\/#listItem","position":3,"name":"Ciudades","item":"https:\/\/www.esteyco.com\/categoria\/arquitecturas-y-urbanismo\/cuidades\/","nextItem":{"@type":"ListItem","@id":"https:\/\/www.esteyco.com\/en\/arquitecturas-y-urbanismo\/iv-nit-de-les-infraestructures\/#listItem","name":"IV INFRAESTRUCTURES NIGHT"},"previousItem":{"@type":"ListItem","@id":"https:\/\/www.esteyco.com\/categoria\/arquitecturas-y-urbanismo\/#listItem","name":"Arquitectura y Urbanismo"}},{"@type":"ListItem","@id":"https:\/\/www.esteyco.com\/en\/arquitecturas-y-urbanismo\/iv-nit-de-les-infraestructures\/#listItem","position":4,"name":"IV INFRAESTRUCTURES NIGHT","previousItem":{"@type":"ListItem","@id":"https:\/\/www.esteyco.com\/categoria\/arquitecturas-y-urbanismo\/cuidades\/#listItem","name":"Ciudades"}}]},{"@type":"Organization","@id":"https:\/\/www.esteyco.com\/en\/#organization","name":"Esteyco","description":"Esteyco es una consultor\u00eda independiente de arquitectura civil e ingenier\u00eda con m\u00e1s de 40 a\u00f1os de servicio en todo el mundo.","url":"https:\/\/www.esteyco.com\/en\/"},{"@type":"Person","@id":"https:\/\/www.esteyco.com\/en\/author\/esteyco\/#author","url":"https:\/\/www.esteyco.com\/en\/author\/esteyco\/","name":"Esteyco","image":{"@type":"ImageObject","@id":"https:\/\/www.esteyco.com\/en\/arquitecturas-y-urbanismo\/iv-nit-de-les-infraestructures\/#authorImage","url":"https:\/\/secure.gravatar.com\/avatar\/66ef5e3d7da27aff44d68b143628d2660d01f7730b0867540b6fdfd02a14f00f?s=96&d=mm&r=g","width":96,"height":96,"caption":"Esteyco"}},{"@type":"WebPage","@id":"https:\/\/www.esteyco.com\/en\/arquitecturas-y-urbanismo\/iv-nit-de-les-infraestructures\/#webpage","url":"https:\/\/www.esteyco.com\/en\/arquitecturas-y-urbanismo\/iv-nit-de-les-infraestructures\/","name":"IV INFRAESTRUCTURES NIGHT | Esteyco","inLanguage":"en-US","isPartOf":{"@id":"https:\/\/www.esteyco.com\/en\/#website"},"breadcrumb":{"@id":"https:\/\/www.esteyco.com\/en\/arquitecturas-y-urbanismo\/iv-nit-de-les-infraestructures\/#breadcrumblist"},"author":{"@id":"https:\/\/www.esteyco.com\/en\/author\/esteyco\/#author"},"creator":{"@id":"https:\/\/www.esteyco.com\/en\/author\/esteyco\/#author"},"image":{"@type":"ImageObject","url":"https:\/\/www.esteyco.com\/wp-content\/uploads\/2020\/10\/JRW.jpg","@id":"https:\/\/www.esteyco.com\/en\/arquitecturas-y-urbanismo\/iv-nit-de-les-infraestructures\/#mainImage","width":940,"height":637},"primaryImageOfPage":{"@id":"https:\/\/www.esteyco.com\/en\/arquitecturas-y-urbanismo\/iv-nit-de-les-infraestructures\/#mainImage"},"datePublished":"2020-10-09T10:30:39+02:00","dateModified":"2022-08-25T07:19:41+02:00"},{"@type":"WebSite","@id":"https:\/\/www.esteyco.com\/en\/#website","url":"https:\/\/www.esteyco.com\/en\/","name":"Esteyco","description":"Esteyco es una consultor\u00eda independiente de arquitectura civil e ingenier\u00eda con m\u00e1s de 40 a\u00f1os de servicio en todo el mundo.","inLanguage":"en-US","publisher":{"@id":"https:\/\/www.esteyco.com\/en\/#organization"}}]},"og:locale":"en_US","og:site_name":"Esteyco | Esteyco es una consultor\u00eda independiente de arquitectura civil e ingenier\u00eda con m\u00e1s de 40 a\u00f1os de servicio en todo el mundo.","og:type":"article","og:title":"IV INFRAESTRUCTURES NIGHT | Esteyco","og:url":"https:\/\/www.esteyco.com\/en\/arquitecturas-y-urbanismo\/iv-nit-de-les-infraestructures\/","article:published_time":"2020-10-09T10:30:39+00:00","article:modified_time":"2022-08-25T07:19:41+00:00","twitter:card":"summary","twitter:title":"IV INFRAESTRUCTURES NIGHT | Esteyco"},"aioseo_meta_data":{"post_id":"4457","title":null,"description":"","keywords":"","keyphrases":null,"primary_term":null,"canonical_url":"","og_title":null,"og_description":null,"og_object_type":"default","og_image_type":"default","og_image_url":null,"og_image_width":null,"og_image_height":null,"og_image_custom_url":null,"og_image_custom_fields":null,"og_video":null,"og_custom_url":null,"og_article_section":null,"og_article_tags":null,"twitter_use_og":false,"twitter_card":"default","twitter_image_type":"default","twitter_image_url":null,"twitter_image_custom_url":null,"twitter_image_custom_fields":null,"twitter_title":null,"twitter_description":null,"schema":{"blockGraphs":[],"customGraphs":[],"default":{"data":{"Article":[],"Course":[],"Dataset":[],"FAQPage":[],"Movie":[],"Person":[],"Product":[],"ProductReview":[],"Car":[],"Recipe":[],"Service":[],"SoftwareApplication":[],"WebPage":[]},"graphName":"","isEnabled":true},"graphs":[]},"schema_type":null,"schema_type_options":null,"pillar_content":false,"robots_default":true,"robots_noindex":false,"robots_noarchive":false,"robots_nosnippet":false,"robots_nofollow":false,"robots_noimageindex":false,"robots_noodp":false,"robots_notranslate":false,"robots_max_snippet":null,"robots_max_videopreview":null,"robots_max_imagepreview":"large","priority":null,"frequency":null,"local_seo":null,"breadcrumb_settings":null,"limit_modified_date":false,"ai":null,"created":"2021-05-27 11:00:03","updated":"2025-06-05 06:49:20","seo_analyzer_scan_date":null},"aioseo_breadcrumb":"<div class=\"aioseo-breadcrumbs\"><span class=\"aioseo-breadcrumb\">\n\t\t\t<a href=\"https:\/\/www.esteyco.com\/en\/\" title=\"Inicio\">Inicio<\/a>\n\t\t<\/span><span class=\"aioseo-breadcrumb-separator\">&raquo;<\/span><span class=\"aioseo-breadcrumb\">\n\t\t\t<a href=\"https:\/\/www.esteyco.com\/categoria\/arquitecturas-y-urbanismo\/\" title=\"Arquitectura y Urbanismo\">Arquitectura y Urbanismo<\/a>\n\t\t<\/span><span class=\"aioseo-breadcrumb-separator\">&raquo;<\/span><span class=\"aioseo-breadcrumb\">\n\t\t\t<a href=\"https:\/\/www.esteyco.com\/categoria\/arquitecturas-y-urbanismo\/cuidades\/\" title=\"Ciudades\">Ciudades<\/a>\n\t\t<\/span><span class=\"aioseo-breadcrumb-separator\">&raquo;<\/span><span class=\"aioseo-breadcrumb\">\n\t\t\tIV INFRAESTRUCTURES NIGHT\n\t\t<\/span><\/div>","aioseo_breadcrumb_json":[{"label":"Inicio","link":"https:\/\/www.esteyco.com\/en\/"},{"label":"Arquitectura y Urbanismo","link":"https:\/\/www.esteyco.com\/categoria\/arquitecturas-y-urbanismo\/"},{"label":"Ciudades","link":"https:\/\/www.esteyco.com\/categoria\/arquitecturas-y-urbanismo\/cuidades\/"},{"label":"IV INFRAESTRUCTURES NIGHT","link":"https:\/\/www.esteyco.com\/en\/arquitecturas-y-urbanismo\/iv-nit-de-les-infraestructures\/"}],"_links":{"self":[{"href":"https:\/\/www.esteyco.com\/en\/wp-json\/wp\/v2\/posts\/4457","targetHints":{"allow":["GET"]}}],"collection":[{"href":"https:\/\/www.esteyco.com\/en\/wp-json\/wp\/v2\/posts"}],"about":[{"href":"https:\/\/www.esteyco.com\/en\/wp-json\/wp\/v2\/types\/post"}],"author":[{"embeddable":true,"href":"https:\/\/www.esteyco.com\/en\/wp-json\/wp\/v2\/users\/16"}],"replies":[{"embeddable":true,"href":"https:\/\/www.esteyco.com\/en\/wp-json\/wp\/v2\/comments?post=4457"}],"version-history":[{"count":3,"href":"https:\/\/www.esteyco.com\/en\/wp-json\/wp\/v2\/posts\/4457\/revisions"}],"predecessor-version":[{"id":7504,"href":"https:\/\/www.esteyco.com\/en\/wp-json\/wp\/v2\/posts\/4457\/revisions\/7504"}],"wp:featuredmedia":[{"embeddable":true,"href":"https:\/\/www.esteyco.com\/en\/wp-json\/wp\/v2\/media\/4458"}],"wp:attachment":[{"href":"https:\/\/www.esteyco.com\/en\/wp-json\/wp\/v2\/media?parent=4457"}],"wp:term":[{"taxonomy":"category","embeddable":true,"href":"https:\/\/www.esteyco.com\/en\/wp-json\/wp\/v2\/categories?post=4457"},{"taxonomy":"post_tag","embeddable":true,"href":"https:\/\/www.esteyco.com\/en\/wp-json\/wp\/v2\/tags?post=4457"}],"curies":[{"name":"wp","href":"https:\/\/api.w.org\/{rel}","templated":true}]}}